{"id":3897,"date":"2024-06-30T22:27:39","date_gmt":"2024-06-30T22:27:39","guid":{"rendered":"https:\/\/www.pensamientouniversitario.com.ar\/?p=3897"},"modified":"2024-11-17T22:33:11","modified_gmt":"2024-11-17T22:33:11","slug":"presentacion-3","status":"publish","type":"post","link":"https:\/\/www.pensamientouniversitario.com.ar\/index.php\/2024\/06\/30\/presentacion-3\/","title":{"rendered":"Presentaci\u00f3n"},"content":{"rendered":"\n<h1 class=\"wp-block-heading\">30 a\u00f1os de Pensamiento Universitario<\/h1>\n\n\n\n<blockquote class=\"wp-block-quote is-layout-flow wp-block-quote-is-layout-flow\">\n<p class=\"has-medium-font-size\"><strong>Mar\u00eda Caldelari<\/strong><\/p>\n\n\n\n<p><\/p>\n<\/blockquote>\n\n\n\n<blockquote class=\"wp-block-quote is-layout-flow wp-block-quote-is-layout-flow\">\n<blockquote class=\"wp-block-quote is-layout-flow wp-block-quote-is-layout-flow\">\n<blockquote class=\"wp-block-quote has-medium-font-size is-layout-flow wp-block-quote-is-layout-flow\">\n<p class=\"has-text-align-left has-medium-font-size\">\u201cRecuerdo un poema chino, an\u00f3nimo, escrito hace mil quinientos a\u00f1os:&nbsp;<\/p>\n\n\n\n<p class=\"has-text-align-left has-medium-font-size\">un pastor cuida el reba\u00f1o, con un fr\u00edo intenso, lejos de su mujer que est\u00e1 en el hogar e imagina al lado del fuego, cosiendo; el \u00faltimo verso dice: \u00c9l escucha el ruido de sus tijeras bajo la noche profunda.<\/p>\n\n\n\n<p class=\"has-text-align-left has-medium-font-size\">El hecho que ese poema (\u2026) todav\u00eda nos emocione, quiere decir que hay un tejido humano imposible de romper(\u2026)\u201d.<\/p>\n<cite>Juan Gelman<\/cite><\/blockquote>\n<\/blockquote>\n\n\n\n<p><\/p>\n<\/blockquote>\n\n\n<div class=\"wp-block-image\">\n<figure class=\"aligncenter size-large is-resized\"><img loading=\"lazy\" decoding=\"async\" width=\"1400\" height=\"1071\" src=\"https:\/\/www.pensamientouniversitario.com.ar\/wp-content\/uploads\/2024\/06\/Extremo-Sur-6-2022-2023-oleo-sobre-tela-55x75cm-1400x1071.jpg\" alt=\"\" class=\"wp-image-3900\" style=\"width:659px;height:auto\" srcset=\"https:\/\/www.pensamientouniversitario.com.ar\/wp-content\/uploads\/2024\/06\/Extremo-Sur-6-2022-2023-oleo-sobre-tela-55x75cm-1400x1071.jpg 1400w, https:\/\/www.pensamientouniversitario.com.ar\/wp-content\/uploads\/2024\/06\/Extremo-Sur-6-2022-2023-oleo-sobre-tela-55x75cm-300x230.jpg 300w, https:\/\/www.pensamientouniversitario.com.ar\/wp-content\/uploads\/2024\/06\/Extremo-Sur-6-2022-2023-oleo-sobre-tela-55x75cm-768x588.jpg 768w, https:\/\/www.pensamientouniversitario.com.ar\/wp-content\/uploads\/2024\/06\/Extremo-Sur-6-2022-2023-oleo-sobre-tela-55x75cm-1536x1175.jpg 1536w, https:\/\/www.pensamientouniversitario.com.ar\/wp-content\/uploads\/2024\/06\/Extremo-Sur-6-2022-2023-oleo-sobre-tela-55x75cm-2048x1567.jpg 2048w\" sizes=\"auto, (max-width: 1400px) 100vw, 1400px\" \/><figcaption class=\"wp-element-caption\"><em><sup>Extremo Sur 6-2022-2023-oleo sobre tela-55x75cm<\/sup><\/em><\/figcaption><\/figure><\/div>\n\n\n<p>\u00bfC\u00f3mo pensar la universidad de aqu\u00ed a diez a\u00f1os, veinte a\u00f1os considerando los cambios tecnol\u00f3gicos y culturales? No lo s\u00e9, si tengo algunas certezas en cuanto a qu\u00e9 tenemos y qu\u00e9 debemos cuidar, y la Revista \u2013PU de aqu\u00ed en m\u00e1s-&nbsp; es un buen ejemplo de algunas cuestiones de las que no estamos muy habituados a conversar, a reflexionar en los espacios universitarios y acad\u00e9micos y vale la pena ventilar.<\/p>\n\n\n\n<p>C\u00f3mo se fund\u00f3 PU? Fue una creaci\u00f3n de Pedro Krotsch siguiendo el camino que le marcaba su inter\u00e9s por los estudios sobre educaci\u00f3n superior, y el impulso de su naturaleza de conocer para actuar siguiendo sus convicciones pol\u00edticas, \u00e9ticas y seg\u00fan sus intuiciones y sensibilidad le indicaran. Acompa\u00f1ado por colegas que, invitados a incorporarse al proyecto, aceptaron el juego.<\/p>\n\n\n\n<p>Algunas cuestiones sobre el devenir universitario preocupaban a los interesados en la creaci\u00f3n de la Revista. La transici\u00f3n democr\u00e1tica \u2013iniciada con el gobierno del doctor Alfons\u00edn- para la universidad comenz\u00f3 mirando hacia el pasado, hacia \u201cla universidad dorada\u201d de los \u201960, y sin haber logrado dar respuesta a todas las cuestiones como exig\u00eda el momento de los&nbsp; \u00b480&nbsp; debimos aceptar los desaf\u00edos que planteaban las pol\u00edticas para la educaci\u00f3n superior del gobierno del doctor Menem.<\/p>\n\n\n\n<p>Nuevas y viejas cuestiones que iban desde la relaci\u00f3n universidad-empresa, la gratuidad puesta en cuesti\u00f3n, la expansi\u00f3n universitaria hasta la revisi\u00f3n de la autonom\u00eda y el gobierno tripartito. Asuntos b\u00e1sicos que se fueron desplegando hasta abrirse en un abanico de nuevas problem\u00e1ticas. Se puede decir que crecimos con PU, la herramienta creada con el objetivo de fortalecer y consolidar un campo de estudios sobre educaci\u00f3n superior, all\u00ed comprendimos la importancia de pensar un futuro, abrirnos a las exigencias de la globalizaci\u00f3n sin perder de vista las necesidades locales, responder al fortalecimiento de la regi\u00f3n sin perder de vista la internacionalizaci\u00f3n de la instituci\u00f3n, insistir sobre la necesidad de las pol\u00edticas universitarias. Como un complemento necesario al objetivo planteado se organiz\u00f3 el Encuentro la Universidad como Objeto de Investigaci\u00f3n.<\/p>\n\n\n\n<p>Tanto PU como el Encuentro nacieron independientes pero estrechamente ligados a la instituci\u00f3n universitaria, los participantes de uno y otro espacio est\u00e1bamos ligados por trabajo a la universidad y nos mov\u00edamos en esa frontera que nos daba la libertad necesaria para tener una agenda propia, a la vez ese juego de adentro-afuera ofrec\u00eda una fortaleza y una continuidad, una estructura firme que sostiene ese \u201ctejido humano\u201d , una materialidad tan necesaria para una sociabilidad donde crecen la confianza, la amistad, la conversaci\u00f3n, la curiosidad por el saber, la voluntad pol\u00edtica no partidaria, y la esperanza como motor del hacer.<\/p>\n\n\n\n<p>La Universidad como la casa de la ciencia y su jard\u00edn donde, un poco por azar y otro por elecci\u00f3n,&nbsp; nos juntamos y nos quedamos disfrutando del trabajo que inventamos: PU y el Encuentro.<\/p>\n\n\n\n<p>En una primera etapa la producci\u00f3n de PU ten\u00eda caracter\u00edsticas artesanales, particip\u00e1bamos en todas las instancias desde la discusi\u00f3n del \u00edndice, los invitados nacionales e internacionales, las ilustraciones hasta la edici\u00f3n revisando p\u00e1gina por p\u00e1gina y la circulaci\u00f3n en kioscos y librer\u00edas. Todo demandaba mucho tiempo y trabajo, disposici\u00f3n y voluntad,&nbsp; y en la medida que el sistema se fue complejizando con nuevas pol\u00edticas, creaci\u00f3n de instituciones, expansi\u00f3n de las universidades p\u00fablicas y privadas, profundizaci\u00f3n de las relaciones con el sector cient\u00edfico, se hac\u00eda dif\u00edcil mantener ese modo, a lo que se sumaron las instancias internacionales y la <\/p>\n\n\n\n<p>incorporaci\u00f3n a los programas de estudio de \u201cla universidad como objeto de investigaci\u00f3n\u201d incentivado por el Encuentro. Claro es que esto trajo diferencias, pol\u00e9micas pol\u00edticas y de intereses y algunos cambios en la distribuci\u00f3n del trabajo, pero la base s\u00f3lida sobre la que fue construida PU permiti\u00f3 su sobrevivencia.<\/p>\n\n\n\n<p>En el primer n\u00famero de PU, en la presentaci\u00f3n, su director hac\u00eda una declaraci\u00f3n de los objetivos y principios que reg\u00edan a la publicaci\u00f3n, estos fueron confirmados y explicitados&nbsp; en la presentaci\u00f3n de junio del 2009, la \u00faltima firmada por Pedro. Sin congelarse Pensamiento Universitario ha mantenido su esp\u00edritu, los valores que alimentan la vida universitaria, la reflexi\u00f3n, la investigaci\u00f3n y la extensi\u00f3n, las necesarias autonom\u00eda y democracia para el desarrollo del conocimiento.<\/p>\n\n\n\n<p>Gracias a las compa\u00f1eras y compa\u00f1eros con los que compart\u00ed y comparto la experiencia de PU.<\/p>\n\n\n\n<p>Gracias a Miriam Morales y Jorge Arrate por recordarme a Ernst Bloch.<\/p>\n\n\n\n<p>Gracias a Emiliano Galende por la conversaci\u00f3n sobre \u201cel jard\u00edn de la universidad\u201d<\/p>\n","protected":false},"excerpt":{"rendered":"<p>30 a\u00f1os de Pensamiento Universitario Mar\u00eda Caldelari \u00bfC\u00f3mo pensar la universidad de aqu\u00ed a diez a\u00f1os, veinte a\u00f1os considerando los cambios tecnol\u00f3gicos y culturales? No lo s\u00e9, si tengo algunas certezas en cuanto a qu\u00e9 tenemos y qu\u00e9 debemos cuidar, y la Revista \u2013PU de aqu\u00ed en m\u00e1s-&nbsp; es un buen ejemplo de algunas cuestiones &#8230; <a title=\"Presentaci\u00f3n\" class=\"read-more\" href=\"https:\/\/www.pensamientouniversitario.com.ar\/index.php\/2024\/06\/30\/presentacion-3\/\" aria-label=\"Leer m\u00e1s sobre Presentaci\u00f3n\">Leer m\u00e1s<\/a><\/p>\n","protected":false},"author":1,"featured_media":0,"comment_status":"closed","ping_status":"closed","sticky":false,"template":"","format":"standard","meta":{"footnotes":""},"categories":[386,346,121],"tags":[392,35],"class_list":["post-3897","post","type-post","status-publish","format-standard","hentry","category-386","category-presentacion","category-revista","tag-maria-caldelari","tag-pensamiento-universitario"],"_links":{"self":[{"href":"https:\/\/www.pensamientouniversitario.com.ar\/index.php\/wp-json\/wp\/v2\/posts\/3897","targetHints":{"allow":["GET"]}}],"collection":[{"href":"https:\/\/www.pensamientouniversitario.com.ar\/index.php\/wp-json\/wp\/v2\/posts"}],"about":[{"href":"https:\/\/www.pensamientouniversitario.com.ar\/index.php\/wp-json\/wp\/v2\/types\/post"}],"author":[{"embeddable":true,"href":"https:\/\/www.pensamientouniversitario.com.ar\/index.php\/wp-json\/wp\/v2\/users\/1"}],"replies":[{"embeddable":true,"href":"https:\/\/www.pensamientouniversitario.com.ar\/index.php\/wp-json\/wp\/v2\/comments?post=3897"}],"version-history":[{"count":12,"href":"https:\/\/www.pensamientouniversitario.com.ar\/index.php\/wp-json\/wp\/v2\/posts\/3897\/revisions"}],"predecessor-version":[{"id":4190,"href":"https:\/\/www.pensamientouniversitario.com.ar\/index.php\/wp-json\/wp\/v2\/posts\/3897\/revisions\/4190"}],"wp:attachment":[{"href":"https:\/\/www.pensamientouniversitario.com.ar\/index.php\/wp-json\/wp\/v2\/media?parent=3897"}],"wp:term":[{"taxonomy":"category","embeddable":true,"href":"https:\/\/www.pensamientouniversitario.com.ar\/index.php\/wp-json\/wp\/v2\/categories?post=3897"},{"taxonomy":"post_tag","embeddable":true,"href":"https:\/\/www.pensamientouniversitario.com.ar\/index.php\/wp-json\/wp\/v2\/tags?post=3897"}],"curies":[{"name":"wp","href":"https:\/\/api.w.org\/{rel}","templated":true}]}}